{"id":2435,"date":"2024-07-09T13:00:11","date_gmt":"2024-07-09T11:00:11","guid":{"rendered":"https:\/\/lagirardiere-vendee.fr\/?p=2435"},"modified":"2024-07-11T11:11:48","modified_gmt":"2024-07-11T09:11:48","slug":"balade-en-caleche-en-vendee","status":"publish","type":"post","link":"https:\/\/lagirardiere-vendee.fr\/index.php\/2024\/07\/09\/balade-en-caleche-en-vendee\/","title":{"rendered":"Balade en cal\u00e8che, des fiefs Vend\u00e9ens au marais Poitevin"},"content":{"rendered":"<p><a href=\"https:\/\/cedrineadc.wixsite.com\/cadc\" target=\"_blank\" rel=\"noopener\">C\u00e9drine Alvez Da Cruz<\/a> vous propose des balades en attelage, au d\u00e9part de La Couture, \u00e0 10 mn de La Girardi\u00e8re. C&rsquo;est une tr\u00e8s belle mani\u00e8re de d\u00e9couvrir le marais, avec ses nombreux canaux et ses belles all\u00e9es ombrag\u00e9es: une nature authentique et pr\u00e9serv\u00e9e. Lors d&rsquo;une balade que nous avons faite avec C\u00e9drine, nous avons rencontr\u00e9 tout un groupe de cigognes. Quel \u00e9merveillement !<\/p>\n<p>En partenariat avec le vigneron <a href=\"https:\/\/www.fabienmurail.com\/\" target=\"_blank\" rel=\"noopener\">Fabien Murail<\/a> et l&rsquo;\u00e9leveur de vaches Limousines Fran\u00e7ois Marionneau, C\u00e9drine propose aussi une balade gourmande: vous partez pour une balade en attelage d&rsquo;environ 2 h et, \u00e0 peu pr\u00e8s \u00e0 mi-chemin, vous vous arr\u00eatez dans un cadre verdoyant pour d\u00e9guster une terrine fermi\u00e8re et un vin de Mareuil.<\/p>\n<p>Alors, n&rsquo;h\u00e9sitez pas, partez \u00e0 la d\u00e9couverte du marais en cal\u00e8che !<\/p>\n","protected":false},"excerpt":{"rendered":"<p>C\u00e9drine Alvez Da Cruz vous propose des balades en attelage, au d\u00e9part de La Couture, \u00e0 10 mn de La Girardi\u00e8re. C&rsquo;est une tr\u00e8s belle mani\u00e8re de d\u00e9couvrir le marais, avec ses nombreux canaux et ses belles all\u00e9es&#8230;<\/p>\n","protected":false},"author":1,"featured_media":2398,"comment_status":"closed","ping_status":"open","sticky":false,"template":"","format":"standard","meta":{"jetpack_post_was_ever_published":false,"_jetpack_newsletter_access":"","_jetpack_dont_email_post_to_subs":false,"_jetpack_newsletter_tier_id":0,"_jetpack_memberships_contains_paywalled_content":false,"_jetpack_memberships_contains_paid_content":false,"footnotes":"","jetpack_publicize_message":"","jetpack_publicize_feature_enabled":true,"jetpack_social_post_already_shared":true,"jetpack_social_options":{"image_generator_settings":{"template":"highway","default_image_id":0,"font":"","enabled":false},"version":2}},"categories":[43],"tags":[],"class_list":["post-2435","post","type-post","status-publish","format-standard","has-post-thumbnail","hentry","category-blog-du-domaine-de-la-girardiere"],"yoast_head":"<!-- This site is optimized with the Yoast SEO plugin v27.5 - https:\/\/yoast.com\/product\/yoast-seo-wordpress\/ -->\n<title>Balade en cal\u00e8che, des fiefs Vend\u00e9ens au marais Poitevin | Domaine de La Girardi\u00e8re<\/title>\n<meta name=\"description\" content=\"Une belle id\u00e9e pour visiter la Vend\u00e9e: une balade en cal\u00e8che\" \/>\n<meta name=\"robots\" content=\"index, follow, max-snippet:-1, max-image-preview:large, max-video-preview:-1\" \/>\n<link rel=\"canonical\" href=\"https:\/\/lagirardiere-vendee.fr\/index.php\/2024\/07\/09\/balade-en-caleche-en-vendee\/\" \/>\n<meta property=\"og:locale\" content=\"fr_FR\" \/>\n<meta property=\"og:type\" content=\"article\" \/>\n<meta property=\"og:title\" content=\"Balade en cal\u00e8che, des fiefs Vend\u00e9ens au marais Poitevin | Domaine de La Girardi\u00e8re\" \/>\n<meta property=\"og:description\" content=\"Une belle id\u00e9e pour visiter la Vend\u00e9e: une balade en cal\u00e8che\" \/>\n<meta property=\"og:url\" content=\"https:\/\/lagirardiere-vendee.fr\/index.php\/2024\/07\/09\/balade-en-caleche-en-vendee\/\" \/>\n<meta property=\"og:site_name\" content=\"Domaine de La Girardi\u00e8re\" \/>\n<meta property=\"article:publisher\" content=\"https:\/\/www.facebook.com\/domainedelagirardiereenvendee\" \/>\n<meta property=\"article:published_time\" content=\"2024-07-09T11:00:11+00:00\" \/>\n<meta property=\"article:modified_time\" content=\"2024-07-11T09:11:48+00:00\" \/>\n<meta property=\"og:image\" content=\"https:\/\/lagirardiere-vendee.fr\/wp-content\/uploads\/2024\/03\/IMG_7232-scaled.jpg\" \/>\n\t<meta property=\"og:image:width\" content=\"2560\" \/>\n\t<meta property=\"og:image:height\" content=\"1920\" \/>\n\t<meta property=\"og:image:type\" content=\"image\/jpeg\" \/>\n<meta name=\"author\" content=\"C\u00e9line\" \/>\n<meta name=\"twitter:card\" content=\"summary_large_image\" \/>\n<meta name=\"twitter:label1\" content=\"\u00c9crit par\" \/>\n\t<meta name=\"twitter:data1\" content=\"C\u00e9line\" \/>\n\t<meta name=\"twitter:label2\" content=\"Dur\u00e9e de lecture estim\u00e9e\" \/>\n\t<meta name=\"twitter:data2\" content=\"1 minute\" \/>\n<script type=\"application\/ld+json\" class=\"yoast-schema-graph\">{\"@context\":\"https:\\\/\\\/schema.org\",\"@graph\":[{\"@type\":\"Article\",\"@id\":\"https:\\\/\\\/lagirardiere-vendee.fr\\\/index.php\\\/2024\\\/07\\\/09\\\/balade-en-caleche-en-vendee\\\/#article\",\"isPartOf\":{\"@id\":\"https:\\\/\\\/lagirardiere-vendee.fr\\\/index.php\\\/2024\\\/07\\\/09\\\/balade-en-caleche-en-vendee\\\/\"},\"author\":{\"name\":\"C\u00e9line\",\"@id\":\"https:\\\/\\\/lagirardiere-vendee.fr\\\/#\\\/schema\\\/person\\\/29ef585dc8f3535186ce55257f16ae5a\"},\"headline\":\"Balade en cal\u00e8che, des fiefs Vend\u00e9ens au marais Poitevin\",\"datePublished\":\"2024-07-09T11:00:11+00:00\",\"dateModified\":\"2024-07-11T09:11:48+00:00\",\"mainEntityOfPage\":{\"@id\":\"https:\\\/\\\/lagirardiere-vendee.fr\\\/index.php\\\/2024\\\/07\\\/09\\\/balade-en-caleche-en-vendee\\\/\"},\"wordCount\":153,\"publisher\":{\"@id\":\"https:\\\/\\\/lagirardiere-vendee.fr\\\/#organization\"},\"image\":{\"@id\":\"https:\\\/\\\/lagirardiere-vendee.fr\\\/index.php\\\/2024\\\/07\\\/09\\\/balade-en-caleche-en-vendee\\\/#primaryimage\"},\"thumbnailUrl\":\"https:\\\/\\\/lagirardiere-vendee.fr\\\/wp-content\\\/uploads\\\/2024\\\/03\\\/IMG_7232-scaled.jpg\",\"articleSection\":[\"Blog du Domaine de La Girardi\u00e8re\"],\"inLanguage\":\"fr-FR\"},{\"@type\":\"WebPage\",\"@id\":\"https:\\\/\\\/lagirardiere-vendee.fr\\\/index.php\\\/2024\\\/07\\\/09\\\/balade-en-caleche-en-vendee\\\/\",\"url\":\"https:\\\/\\\/lagirardiere-vendee.fr\\\/index.php\\\/2024\\\/07\\\/09\\\/balade-en-caleche-en-vendee\\\/\",\"name\":\"Balade en cal\u00e8che, des fiefs Vend\u00e9ens au marais Poitevin | Domaine de La Girardi\u00e8re\",\"isPartOf\":{\"@id\":\"https:\\\/\\\/lagirardiere-vendee.fr\\\/#website\"},\"primaryImageOfPage\":{\"@id\":\"https:\\\/\\\/lagirardiere-vendee.fr\\\/index.php\\\/2024\\\/07\\\/09\\\/balade-en-caleche-en-vendee\\\/#primaryimage\"},\"image\":{\"@id\":\"https:\\\/\\\/lagirardiere-vendee.fr\\\/index.php\\\/2024\\\/07\\\/09\\\/balade-en-caleche-en-vendee\\\/#primaryimage\"},\"thumbnailUrl\":\"https:\\\/\\\/lagirardiere-vendee.fr\\\/wp-content\\\/uploads\\\/2024\\\/03\\\/IMG_7232-scaled.jpg\",\"datePublished\":\"2024-07-09T11:00:11+00:00\",\"dateModified\":\"2024-07-11T09:11:48+00:00\",\"description\":\"Une belle id\u00e9e pour visiter la Vend\u00e9e: une balade en cal\u00e8che\",\"breadcrumb\":{\"@id\":\"https:\\\/\\\/lagirardiere-vendee.fr\\\/index.php\\\/2024\\\/07\\\/09\\\/balade-en-caleche-en-vendee\\\/#breadcrumb\"},\"inLanguage\":\"fr-FR\",\"potentialAction\":[{\"@type\":\"ReadAction\",\"target\":[\"https:\\\/\\\/lagirardiere-vendee.fr\\\/index.php\\\/2024\\\/07\\\/09\\\/balade-en-caleche-en-vendee\\\/\"]}]},{\"@type\":\"ImageObject\",\"inLanguage\":\"fr-FR\",\"@id\":\"https:\\\/\\\/lagirardiere-vendee.fr\\\/index.php\\\/2024\\\/07\\\/09\\\/balade-en-caleche-en-vendee\\\/#primaryimage\",\"url\":\"https:\\\/\\\/lagirardiere-vendee.fr\\\/wp-content\\\/uploads\\\/2024\\\/03\\\/IMG_7232-scaled.jpg\",\"contentUrl\":\"https:\\\/\\\/lagirardiere-vendee.fr\\\/wp-content\\\/uploads\\\/2024\\\/03\\\/IMG_7232-scaled.jpg\",\"width\":2560,\"height\":1920},{\"@type\":\"BreadcrumbList\",\"@id\":\"https:\\\/\\\/lagirardiere-vendee.fr\\\/index.php\\\/2024\\\/07\\\/09\\\/balade-en-caleche-en-vendee\\\/#breadcrumb\",\"itemListElement\":[{\"@type\":\"ListItem\",\"position\":1,\"name\":\"Accueil\",\"item\":\"https:\\\/\\\/lagirardiere-vendee.fr\\\/\"},{\"@type\":\"ListItem\",\"position\":2,\"name\":\"Balade en cal\u00e8che, des fiefs Vend\u00e9ens au marais Poitevin\"}]},{\"@type\":\"WebSite\",\"@id\":\"https:\\\/\\\/lagirardiere-vendee.fr\\\/#website\",\"url\":\"https:\\\/\\\/lagirardiere-vendee.fr\\\/\",\"name\":\"Domaine de La Girardi\u00e8re\",\"description\":\"Location de g\u00eetes de caract\u00e8re en Vend\u00e9e\",\"publisher\":{\"@id\":\"https:\\\/\\\/lagirardiere-vendee.fr\\\/#organization\"},\"potentialAction\":[{\"@type\":\"SearchAction\",\"target\":{\"@type\":\"EntryPoint\",\"urlTemplate\":\"https:\\\/\\\/lagirardiere-vendee.fr\\\/?s={search_term_string}\"},\"query-input\":{\"@type\":\"PropertyValueSpecification\",\"valueRequired\":true,\"valueName\":\"search_term_string\"}}],\"inLanguage\":\"fr-FR\"},{\"@type\":\"Organization\",\"@id\":\"https:\\\/\\\/lagirardiere-vendee.fr\\\/#organization\",\"name\":\"SAS Domaine de La Girardi\u00e8re\",\"url\":\"https:\\\/\\\/lagirardiere-vendee.fr\\\/\",\"logo\":{\"@type\":\"ImageObject\",\"inLanguage\":\"fr-FR\",\"@id\":\"https:\\\/\\\/lagirardiere-vendee.fr\\\/#\\\/schema\\\/logo\\\/image\\\/\",\"url\":\"http:\\\/\\\/lagirardiere-vendee.fr\\\/wp-content\\\/uploads\\\/2020\\\/01\\\/Image2-1.png\",\"contentUrl\":\"http:\\\/\\\/lagirardiere-vendee.fr\\\/wp-content\\\/uploads\\\/2020\\\/01\\\/Image2-1.png\",\"width\":159,\"height\":160,\"caption\":\"SAS Domaine de La Girardi\u00e8re\"},\"image\":{\"@id\":\"https:\\\/\\\/lagirardiere-vendee.fr\\\/#\\\/schema\\\/logo\\\/image\\\/\"},\"sameAs\":[\"https:\\\/\\\/www.facebook.com\\\/domainedelagirardiereenvendee\"]},{\"@type\":\"Person\",\"@id\":\"https:\\\/\\\/lagirardiere-vendee.fr\\\/#\\\/schema\\\/person\\\/29ef585dc8f3535186ce55257f16ae5a\",\"name\":\"C\u00e9line\",\"image\":{\"@type\":\"ImageObject\",\"inLanguage\":\"fr-FR\",\"@id\":\"https:\\\/\\\/secure.gravatar.com\\\/avatar\\\/8e0ae7200c271ad0b04a26bd4bd5db99cfeb8a4e87a0d56e9153b4dcbce773d4?s=96&d=mm&r=g\",\"url\":\"https:\\\/\\\/secure.gravatar.com\\\/avatar\\\/8e0ae7200c271ad0b04a26bd4bd5db99cfeb8a4e87a0d56e9153b4dcbce773d4?s=96&d=mm&r=g\",\"contentUrl\":\"https:\\\/\\\/secure.gravatar.com\\\/avatar\\\/8e0ae7200c271ad0b04a26bd4bd5db99cfeb8a4e87a0d56e9153b4dcbce773d4?s=96&d=mm&r=g\",\"caption\":\"C\u00e9line\"}}]}<\/script>\n<!-- \/ Yoast SEO plugin. -->","yoast_head_json":{"title":"Balade en cal\u00e8che, des fiefs Vend\u00e9ens au marais Poitevin | Domaine de La Girardi\u00e8re","description":"Une belle id\u00e9e pour visiter la Vend\u00e9e: une balade en cal\u00e8che","robots":{"index":"index","follow":"follow","max-snippet":"max-snippet:-1","max-image-preview":"max-image-preview:large","max-video-preview":"max-video-preview:-1"},"canonical":"https:\/\/lagirardiere-vendee.fr\/index.php\/2024\/07\/09\/balade-en-caleche-en-vendee\/","og_locale":"fr_FR","og_type":"article","og_title":"Balade en cal\u00e8che, des fiefs Vend\u00e9ens au marais Poitevin | Domaine de La Girardi\u00e8re","og_description":"Une belle id\u00e9e pour visiter la Vend\u00e9e: une balade en cal\u00e8che","og_url":"https:\/\/lagirardiere-vendee.fr\/index.php\/2024\/07\/09\/balade-en-caleche-en-vendee\/","og_site_name":"Domaine de La Girardi\u00e8re","article_publisher":"https:\/\/www.facebook.com\/domainedelagirardiereenvendee","article_published_time":"2024-07-09T11:00:11+00:00","article_modified_time":"2024-07-11T09:11:48+00:00","og_image":[{"width":2560,"height":1920,"url":"https:\/\/lagirardiere-vendee.fr\/wp-content\/uploads\/2024\/03\/IMG_7232-scaled.jpg","type":"image\/jpeg"}],"author":"C\u00e9line","twitter_card":"summary_large_image","twitter_misc":{"\u00c9crit par":"C\u00e9line","Dur\u00e9e de lecture estim\u00e9e":"1 minute"},"schema":{"@context":"https:\/\/schema.org","@graph":[{"@type":"Article","@id":"https:\/\/lagirardiere-vendee.fr\/index.php\/2024\/07\/09\/balade-en-caleche-en-vendee\/#article","isPartOf":{"@id":"https:\/\/lagirardiere-vendee.fr\/index.php\/2024\/07\/09\/balade-en-caleche-en-vendee\/"},"author":{"name":"C\u00e9line","@id":"https:\/\/lagirardiere-vendee.fr\/#\/schema\/person\/29ef585dc8f3535186ce55257f16ae5a"},"headline":"Balade en cal\u00e8che, des fiefs Vend\u00e9ens au marais Poitevin","datePublished":"2024-07-09T11:00:11+00:00","dateModified":"2024-07-11T09:11:48+00:00","mainEntityOfPage":{"@id":"https:\/\/lagirardiere-vendee.fr\/index.php\/2024\/07\/09\/balade-en-caleche-en-vendee\/"},"wordCount":153,"publisher":{"@id":"https:\/\/lagirardiere-vendee.fr\/#organization"},"image":{"@id":"https:\/\/lagirardiere-vendee.fr\/index.php\/2024\/07\/09\/balade-en-caleche-en-vendee\/#primaryimage"},"thumbnailUrl":"https:\/\/lagirardiere-vendee.fr\/wp-content\/uploads\/2024\/03\/IMG_7232-scaled.jpg","articleSection":["Blog du Domaine de La Girardi\u00e8re"],"inLanguage":"fr-FR"},{"@type":"WebPage","@id":"https:\/\/lagirardiere-vendee.fr\/index.php\/2024\/07\/09\/balade-en-caleche-en-vendee\/","url":"https:\/\/lagirardiere-vendee.fr\/index.php\/2024\/07\/09\/balade-en-caleche-en-vendee\/","name":"Balade en cal\u00e8che, des fiefs Vend\u00e9ens au marais Poitevin | Domaine de La Girardi\u00e8re","isPartOf":{"@id":"https:\/\/lagirardiere-vendee.fr\/#website"},"primaryImageOfPage":{"@id":"https:\/\/lagirardiere-vendee.fr\/index.php\/2024\/07\/09\/balade-en-caleche-en-vendee\/#primaryimage"},"image":{"@id":"https:\/\/lagirardiere-vendee.fr\/index.php\/2024\/07\/09\/balade-en-caleche-en-vendee\/#primaryimage"},"thumbnailUrl":"https:\/\/lagirardiere-vendee.fr\/wp-content\/uploads\/2024\/03\/IMG_7232-scaled.jpg","datePublished":"2024-07-09T11:00:11+00:00","dateModified":"2024-07-11T09:11:48+00:00","description":"Une belle id\u00e9e pour visiter la Vend\u00e9e: une balade en cal\u00e8che","breadcrumb":{"@id":"https:\/\/lagirardiere-vendee.fr\/index.php\/2024\/07\/09\/balade-en-caleche-en-vendee\/#breadcrumb"},"inLanguage":"fr-FR","potentialAction":[{"@type":"ReadAction","target":["https:\/\/lagirardiere-vendee.fr\/index.php\/2024\/07\/09\/balade-en-caleche-en-vendee\/"]}]},{"@type":"ImageObject","inLanguage":"fr-FR","@id":"https:\/\/lagirardiere-vendee.fr\/index.php\/2024\/07\/09\/balade-en-caleche-en-vendee\/#primaryimage","url":"https:\/\/lagirardiere-vendee.fr\/wp-content\/uploads\/2024\/03\/IMG_7232-scaled.jpg","contentUrl":"https:\/\/lagirardiere-vendee.fr\/wp-content\/uploads\/2024\/03\/IMG_7232-scaled.jpg","width":2560,"height":1920},{"@type":"BreadcrumbList","@id":"https:\/\/lagirardiere-vendee.fr\/index.php\/2024\/07\/09\/balade-en-caleche-en-vendee\/#breadcrumb","itemListElement":[{"@type":"ListItem","position":1,"name":"Accueil","item":"https:\/\/lagirardiere-vendee.fr\/"},{"@type":"ListItem","position":2,"name":"Balade en cal\u00e8che, des fiefs Vend\u00e9ens au marais Poitevin"}]},{"@type":"WebSite","@id":"https:\/\/lagirardiere-vendee.fr\/#website","url":"https:\/\/lagirardiere-vendee.fr\/","name":"Domaine de La Girardi\u00e8re","description":"Location de g\u00eetes de caract\u00e8re en Vend\u00e9e","publisher":{"@id":"https:\/\/lagirardiere-vendee.fr\/#organization"},"potentialAction":[{"@type":"SearchAction","target":{"@type":"EntryPoint","urlTemplate":"https:\/\/lagirardiere-vendee.fr\/?s={search_term_string}"},"query-input":{"@type":"PropertyValueSpecification","valueRequired":true,"valueName":"search_term_string"}}],"inLanguage":"fr-FR"},{"@type":"Organization","@id":"https:\/\/lagirardiere-vendee.fr\/#organization","name":"SAS Domaine de La Girardi\u00e8re","url":"https:\/\/lagirardiere-vendee.fr\/","logo":{"@type":"ImageObject","inLanguage":"fr-FR","@id":"https:\/\/lagirardiere-vendee.fr\/#\/schema\/logo\/image\/","url":"http:\/\/lagirardiere-vendee.fr\/wp-content\/uploads\/2020\/01\/Image2-1.png","contentUrl":"http:\/\/lagirardiere-vendee.fr\/wp-content\/uploads\/2020\/01\/Image2-1.png","width":159,"height":160,"caption":"SAS Domaine de La Girardi\u00e8re"},"image":{"@id":"https:\/\/lagirardiere-vendee.fr\/#\/schema\/logo\/image\/"},"sameAs":["https:\/\/www.facebook.com\/domainedelagirardiereenvendee"]},{"@type":"Person","@id":"https:\/\/lagirardiere-vendee.fr\/#\/schema\/person\/29ef585dc8f3535186ce55257f16ae5a","name":"C\u00e9line","image":{"@type":"ImageObject","inLanguage":"fr-FR","@id":"https:\/\/secure.gravatar.com\/avatar\/8e0ae7200c271ad0b04a26bd4bd5db99cfeb8a4e87a0d56e9153b4dcbce773d4?s=96&d=mm&r=g","url":"https:\/\/secure.gravatar.com\/avatar\/8e0ae7200c271ad0b04a26bd4bd5db99cfeb8a4e87a0d56e9153b4dcbce773d4?s=96&d=mm&r=g","contentUrl":"https:\/\/secure.gravatar.com\/avatar\/8e0ae7200c271ad0b04a26bd4bd5db99cfeb8a4e87a0d56e9153b4dcbce773d4?s=96&d=mm&r=g","caption":"C\u00e9line"}}]}},"jetpack_publicize_connections":[],"jetpack_featured_media_url":"https:\/\/lagirardiere-vendee.fr\/wp-content\/uploads\/2024\/03\/IMG_7232-scaled.jpg","jetpack_sharing_enabled":true,"jetpack_shortlink":"https:\/\/wp.me\/paEc2P-Dh","_links":{"self":[{"href":"https:\/\/lagirardiere-vendee.fr\/index.php\/wp-json\/wp\/v2\/posts\/2435","targetHints":{"allow":["GET"]}}],"collection":[{"href":"https:\/\/lagirardiere-vendee.fr\/index.php\/wp-json\/wp\/v2\/posts"}],"about":[{"href":"https:\/\/lagirardiere-vendee.fr\/index.php\/wp-json\/wp\/v2\/types\/post"}],"author":[{"embeddable":true,"href":"https:\/\/lagirardiere-vendee.fr\/index.php\/wp-json\/wp\/v2\/users\/1"}],"replies":[{"embeddable":true,"href":"https:\/\/lagirardiere-vendee.fr\/index.php\/wp-json\/wp\/v2\/comments?post=2435"}],"version-history":[{"count":5,"href":"https:\/\/lagirardiere-vendee.fr\/index.php\/wp-json\/wp\/v2\/posts\/2435\/revisions"}],"predecessor-version":[{"id":2442,"href":"https:\/\/lagirardiere-vendee.fr\/index.php\/wp-json\/wp\/v2\/posts\/2435\/revisions\/2442"}],"wp:featuredmedia":[{"embeddable":true,"href":"https:\/\/lagirardiere-vendee.fr\/index.php\/wp-json\/wp\/v2\/media\/2398"}],"wp:attachment":[{"href":"https:\/\/lagirardiere-vendee.fr\/index.php\/wp-json\/wp\/v2\/media?parent=2435"}],"wp:term":[{"taxonomy":"category","embeddable":true,"href":"https:\/\/lagirardiere-vendee.fr\/index.php\/wp-json\/wp\/v2\/categories?post=2435"},{"taxonomy":"post_tag","embeddable":true,"href":"https:\/\/lagirardiere-vendee.fr\/index.php\/wp-json\/wp\/v2\/tags?post=2435"}],"curies":[{"name":"wp","href":"https:\/\/api.w.org\/{rel}","templated":true}]}}